{"id":4996,"date":"2014-08-19T00:07:52","date_gmt":"2014-08-18T22:07:52","guid":{"rendered":"https:\/\/saccisica.net\/?p=4996"},"modified":"2014-08-19T00:07:52","modified_gmt":"2014-08-18T22:07:52","slug":"polverara-iscrizioni-al-micronido-comunale-anno-20142015","status":"publish","type":"post","link":"https:\/\/customer-88-99-224-156.brandprotection.zone\/saccisicaonline\/2014\/08\/19\/polverara-iscrizioni-al-micronido-comunale-anno-20142015\/","title":{"rendered":"Polverara &#8211; Iscrizioni al micronido comunale anno 2014\/2015"},"content":{"rendered":"<p>Si avvisa che le iscrizioni al micronido comunale comunale \u201cIl Castello dei pulcini\u201d di via Don Bosco per l\u2019anno educativo 2014\/2015 devono essere presentate <strong>entro il termine dell\u20191.9.2014.<\/strong><\/p>\n<p><span style=\"text-decoration: underline\">MODALITA\u2019 DI PRESENTAZIONE DELLA DOMANDA<\/span><br \/>\nLe richieste di iscrizione devono essere presentate all\u2019ufficio protocollo del Comune di Polverara, compilando l\u2019apposito modulo (scaricabile anche dal sito <a href=\"http:\/\/www.comune.polverara.pd.it\/\">www.comune.polverara.pd.it<\/a>) entro <strong>luned\u00ec 1 settembre 2014.<\/strong><\/p>\n<p><span style=\"text-decoration: underline\">UTENTI E CAPACITA\u2019 RICETTIVA<\/span><br \/>\nIl micronido pu\u00f2 accogliere 32 bambini di et\u00e0 dai tre mesi ai tre anni, con possibilit\u00e0 di aumentare i posti disponibili secondo le normative vigenti.<\/p>\n<p><span style=\"text-decoration: underline\">CALENDARIO E ORARIO DI SERVIZIO<\/span><br \/>\nIl micronido rimane aperto 11 mesi l\u2019anno (settembre-luglio), 5 giorni la settimana (luned\u00ec-venerd\u00ec) dalle ore 7.30 alle ore 16.<br \/>\nSono previste possibilit\u00e0 di prolungamento dell\u2019orario (apertura il mese di agosto, apertura il sabato, apertura fino a dopo le 16 a seconda delle richieste degli utenti e degli accordi tra l\u2019amministrazione comunale e gli affidatari della gestione del servizio).<br \/>\nLe date di inizio e fine dell\u2019anno scolastico, le chiusure durante l\u2019anno per le festivit\u00e0 natalizie e pasquali, nonch\u00e9 per il periodo estivo o per eventi straordinari sono stabilite annualmente dalla Giunta comunale con l\u2019approvazione del calendario scolastico, tenuto anche conto, per eventuale uniformit\u00e0, del calendario scolastico regionale.<br \/>\n<span style=\"text-decoration: underline\">COSTI<\/span><br \/>\nLe rette a carico delle famiglie sono le seguenti:<\/p>\n<table border=\"1\" cellspacing=\"0\" cellpadding=\"0\" align=\"center\">\n<tbody>\n<tr>\n<td colspan=\"2\"><strong>ORARIO<\/strong><\/td>\n<td colspan=\"2\"><strong>IMPORTO RETTA<\/strong><\/td>\n<\/tr>\n<tr>\n<td><strong>Entrata<\/strong><\/td>\n<td><strong>Uscita<\/strong><\/td>\n<td><strong>Residenti<\/strong><\/td>\n<td><strong>Non residenti<\/strong><\/td>\n<\/tr>\n<tr>\n<td>7.30-9.00<\/td>\n<td>13.00-13.30<\/td>\n<td>\u20ac 330,00<\/td>\n<td>\u20ac 370,00<\/td>\n<\/tr>\n<tr>\n<td>7.30-9.00<\/td>\n<td>15.30-16.00<\/td>\n<td>\u20ac 390,00<\/td>\n<td>\u20ac 440,00<\/td>\n<\/tr>\n<tr>\n<td>7.30-9.00<\/td>\n<td>16.00-17.00<br \/>\n<em>(servizio garantito con minimo 6 richieste)<\/em><\/td>\n<td>\u20ac 420,00<\/td>\n<td>\u20ac 460,00<\/td>\n<\/tr>\n<tr>\n<td>7.30-9.00<\/td>\n<td>17.00-18.00<br \/>\n<em>(servizio garantito con minimo 6 richieste)<\/em><\/td>\n<td>\u20ac 4<em>4<\/em>0,00<\/td>\n<td>\u20ac 480,00<\/td>\n<\/tr>\n<tr>\n<td>13.00<\/td>\n<td>18.00<br \/>\n<em>(servizio garantito con minimo 6 iscritti fino alle 18)<\/em><\/td>\n<td>\u20ac 330,00<\/td>\n<td>\u20ac 370,00<\/td>\n<\/tr>\n<tr>\n<td colspan=\"4\">Riduzione per secondo figlio iscritto: &#8211; 25% sulla seconda retta<\/td>\n<\/tr>\n<tr>\n<td colspan=\"4\">Riduzione per assenza per malattia (con certificato medico) oltre 10 giorni di assenza continuativi escluso sabato e domenica: &#8211; 10% della retta<\/td>\n<\/tr>\n<tr>\n<td colspan=\"4\">Riduzione per assenza per malattia (con certificato medico) oltre 20 giorni di assenza continuativi escluso sabato e domenica: &#8211; 25% della retta<\/td>\n<\/tr>\n<tr>\n<td colspan=\"4\">Iscrizione annuale: \u20ac 50,00<\/td>\n<\/tr>\n<tr>\n<td colspan=\"4\">Sono previste possibilit\u00e0 di flessibilit\u00e0 d\u2019orario, accessi part-time e pomeridiani<\/td>\n<\/tr>\n<\/tbody>\n<\/table>\n<div><\/div>\n<div>La retta, esente IVA ai sensi del DPR 633\/72 art. 10, comprende:<\/div>\n<ul>\n<li><em>pranzo (primo, secondo, contorno, 2 merende, bevande)<\/em><\/li>\n<li><em>saponi, creme antiarrossamento e detergente intimo<\/em><\/li>\n<li><em>corredo, lenzuolo e lavaggio<\/em><\/li>\n<\/ul>\n<p><span style=\"text-decoration: underline\">PRIORITA\u2019 DI AMMISSIONE<\/span><br \/>\nLa struttura pu\u00f2 ospitare 32 bambini, che verranno ammessi sulla base di una graduatoria formata secondo i seguenti criteri di priorit\u00e0:<\/p>\n<ul>\n<li><em>Residenti con entrambi i genitori che lavorano<\/em><\/li>\n<li><em>Residenti con un solo genitore che lavora<\/em><\/li>\n<li><em>Nonni residenti a Polverara<\/em><\/li>\n<li><em>Non residenti, con un fratello iscritto ad altra struttura per la prima infanzia a Polverara<\/em><\/li>\n<li><em>Non residenti<\/em><\/li>\n<\/ul>\n<p>La graduatoria, dopo aver coperto tutti i posti disponibili, resta in vigore per tutto l\u2019anno scolastico, per la copertura dei posti che si dovessero rendere liberi nel corso dell\u2019anno.<\/p>\n<p><strong><span style=\"text-decoration: underline\">In caso di disponibilit\u00e0 di posti, l\u2019iscrizione \u00e8 ammessa tutto l\u2019anno. <\/span><\/strong><\/p>\n<p><span style=\"text-decoration: underline\">GESTIONE DEL SERVIZIO<\/span><br \/>\nIl servizio di micronido comunale \u00e8 gestito dalla cooperativa sociale \u201cEmilio\u201d di Polverara.<\/p>\n<p><span style=\"text-decoration: underline\">INFORMAZIONI<\/span><br \/>\nPer maggiori informazioni sul micronido si pu\u00f2 consultare il vigente regolamento di funzionamento approvato con deliberazione del Consiglio comunale n. 36 del 27.9.2011.<br \/>\nPer ulteriori informazioni \u00e8 possibile contattare la d.ssa Giulia Trevisan (ufficio segreteria Comune di Polverara, tel. 049-9774818 <a href=\"mailto:affari.generali@comune.polverara.pd.it\">affari.generali@comune.polverara.pd.it<\/a>) o la d.ssa Alessia Morandin (cooperativa sociale \u201cEmilio\u201d 349-367649).<\/p>\n","protected":false},"excerpt":{"rendered":"<p>Si avvisa che le iscrizioni al micronido comunale comunale \u201cIl Castello dei pulcini\u201d di via Don Bosco per l\u2019anno educativo 2014\/2015 devono essere presentate entro il termine dell\u20191.9.2014. MODALITA\u2019 DI PRESENTAZIONE DELLA DOMANDA Le richieste di iscrizione devono essere presentate all\u2019ufficio protocollo del Comune di Polverara, compilando l\u2019apposito modulo (scaricabile anche dal sito www.comune.polverara.pd.it) entro [&hellip;]<\/p>\n","protected":false},"author":1,"featured_media":4997,"comment_status":"open","ping_status":"closed","sticky":false,"template":"","format":"standard","meta":{"_et_pb_use_builder":"","_et_pb_old_content":"","_et_gb_content_width":"","footnotes":""},"categories":[16,8],"tags":[],"class_list":["post-4996","post","type-post","status-publish","format-standard","has-post-thumbnail","hentry","category-notizie-utilita-informazioni-cittadini-saccisica","category-notizie-comune-di-polverara","et-has-post-format-content","et_post_format-et-post-format-standard"],"yoast_head":"<!-- This site is optimized with the Yoast SEO plugin v24.7 - https:\/\/yoast.com\/wordpress\/plugins\/seo\/ -->\n<title>Polverara - Iscrizioni al micronido comunale anno 2014\/2015 - Saccisica Online<\/title>\n<meta name=\"robots\" content=\"index, follow, max-snippet:-1, max-image-preview:large, max-video-preview:-1\" \/>\n<link rel=\"canonical\" href=\"https:\/\/customer-88-99-224-156.brandprotection.zone\/saccisicaonline\/2014\/08\/19\/polverara-iscrizioni-al-micronido-comunale-anno-20142015\/\" \/>\n<meta property=\"og:locale\" content=\"it_IT\" \/>\n<meta property=\"og:type\" content=\"article\" \/>\n<meta property=\"og:title\" content=\"Polverara - Iscrizioni al micronido comunale anno 2014\/2015 - Saccisica Online\" \/>\n<meta property=\"og:description\" content=\"Si avvisa che le iscrizioni al micronido comunale comunale \u201cIl Castello dei pulcini\u201d di via Don Bosco per l\u2019anno educativo 2014\/2015 devono essere presentate entro il termine dell\u20191.9.2014. MODALITA\u2019 DI PRESENTAZIONE DELLA DOMANDA Le richieste di iscrizione devono essere presentate all\u2019ufficio protocollo del Comune di Polverara, compilando l\u2019apposito modulo (scaricabile anche dal sito www.comune.polverara.pd.it) entro [&hellip;]\" \/>\n<meta property=\"og:url\" content=\"https:\/\/customer-88-99-224-156.brandprotection.zone\/saccisicaonline\/2014\/08\/19\/polverara-iscrizioni-al-micronido-comunale-anno-20142015\/\" \/>\n<meta property=\"og:site_name\" content=\"Saccisica Online\" \/>\n<meta property=\"article:published_time\" content=\"2014-08-18T22:07:52+00:00\" \/>\n<meta property=\"og:image\" content=\"https:\/\/customer-88-99-224-156.brandprotection.zone\/saccisicaonline\/wp-content\/uploads\/sites\/2\/2014\/08\/micronido-asilo-polverara.jpg\" \/>\n\t<meta property=\"og:image:width\" content=\"1950\" \/>\n\t<meta property=\"og:image:height\" content=\"1950\" \/>\n\t<meta property=\"og:image:type\" content=\"image\/jpeg\" \/>\n<meta name=\"author\" content=\"Visit Saccisica\" \/>\n<meta name=\"twitter:card\" content=\"summary_large_image\" \/>\n<meta name=\"twitter:label1\" content=\"Scritto da\" \/>\n\t<meta name=\"twitter:data1\" content=\"Visit Saccisica\" \/>\n\t<meta name=\"twitter:label2\" content=\"Tempo di lettura stimato\" \/>\n\t<meta name=\"twitter:data2\" content=\"3 minuti\" \/>\n<script type=\"application\/ld+json\" class=\"yoast-schema-graph\">{\"@context\":\"https:\/\/schema.org\",\"@graph\":[{\"@type\":\"WebPage\",\"@id\":\"https:\/\/customer-88-99-224-156.brandprotection.zone\/saccisicaonline\/2014\/08\/19\/polverara-iscrizioni-al-micronido-comunale-anno-20142015\/\",\"url\":\"https:\/\/customer-88-99-224-156.brandprotection.zone\/saccisicaonline\/2014\/08\/19\/polverara-iscrizioni-al-micronido-comunale-anno-20142015\/\",\"name\":\"Polverara - Iscrizioni al micronido comunale anno 2014\/2015 - Saccisica Online\",\"isPartOf\":{\"@id\":\"https:\/\/customer-88-99-224-156.brandprotection.zone\/saccisicaonline\/#website\"},\"primaryImageOfPage\":{\"@id\":\"https:\/\/customer-88-99-224-156.brandprotection.zone\/saccisicaonline\/2014\/08\/19\/polverara-iscrizioni-al-micronido-comunale-anno-20142015\/#primaryimage\"},\"image\":{\"@id\":\"https:\/\/customer-88-99-224-156.brandprotection.zone\/saccisicaonline\/2014\/08\/19\/polverara-iscrizioni-al-micronido-comunale-anno-20142015\/#primaryimage\"},\"thumbnailUrl\":\"https:\/\/customer-88-99-224-156.brandprotection.zone\/saccisicaonline\/wp-content\/uploads\/sites\/2\/2014\/08\/micronido-asilo-polverara.jpg\",\"datePublished\":\"2014-08-18T22:07:52+00:00\",\"author\":{\"@id\":\"https:\/\/customer-88-99-224-156.brandprotection.zone\/saccisicaonline\/#\/schema\/person\/77b4e1d74e92ae921e26b45e61a09706\"},\"breadcrumb\":{\"@id\":\"https:\/\/customer-88-99-224-156.brandprotection.zone\/saccisicaonline\/2014\/08\/19\/polverara-iscrizioni-al-micronido-comunale-anno-20142015\/#breadcrumb\"},\"inLanguage\":\"it-IT\",\"potentialAction\":[{\"@type\":\"ReadAction\",\"target\":[\"https:\/\/customer-88-99-224-156.brandprotection.zone\/saccisicaonline\/2014\/08\/19\/polverara-iscrizioni-al-micronido-comunale-anno-20142015\/\"]}]},{\"@type\":\"ImageObject\",\"inLanguage\":\"it-IT\",\"@id\":\"https:\/\/customer-88-99-224-156.brandprotection.zone\/saccisicaonline\/2014\/08\/19\/polverara-iscrizioni-al-micronido-comunale-anno-20142015\/#primaryimage\",\"url\":\"https:\/\/customer-88-99-224-156.brandprotection.zone\/saccisicaonline\/wp-content\/uploads\/sites\/2\/2014\/08\/micronido-asilo-polverara.jpg\",\"contentUrl\":\"https:\/\/customer-88-99-224-156.brandprotection.zone\/saccisicaonline\/wp-content\/uploads\/sites\/2\/2014\/08\/micronido-asilo-polverara.jpg\",\"width\":1950,\"height\":1950},{\"@type\":\"BreadcrumbList\",\"@id\":\"https:\/\/customer-88-99-224-156.brandprotection.zone\/saccisicaonline\/2014\/08\/19\/polverara-iscrizioni-al-micronido-comunale-anno-20142015\/#breadcrumb\",\"itemListElement\":[{\"@type\":\"ListItem\",\"position\":1,\"name\":\"Home\",\"item\":\"https:\/\/customer-88-99-224-156.brandprotection.zone\/saccisicaonline\/\"},{\"@type\":\"ListItem\",\"position\":2,\"name\":\"Polverara &#8211; Iscrizioni al micronido comunale anno 2014\/2015\"}]},{\"@type\":\"WebSite\",\"@id\":\"https:\/\/customer-88-99-224-156.brandprotection.zone\/saccisicaonline\/#website\",\"url\":\"https:\/\/customer-88-99-224-156.brandprotection.zone\/saccisicaonline\/\",\"name\":\"Saccisica Online\",\"description\":\"Il Portale della Saccisica, per la Saccisica\",\"potentialAction\":[{\"@type\":\"SearchAction\",\"target\":{\"@type\":\"EntryPoint\",\"urlTemplate\":\"https:\/\/customer-88-99-224-156.brandprotection.zone\/saccisicaonline\/?s={search_term_string}\"},\"query-input\":{\"@type\":\"PropertyValueSpecification\",\"valueRequired\":true,\"valueName\":\"search_term_string\"}}],\"inLanguage\":\"it-IT\"},{\"@type\":\"Person\",\"@id\":\"https:\/\/customer-88-99-224-156.brandprotection.zone\/saccisicaonline\/#\/schema\/person\/77b4e1d74e92ae921e26b45e61a09706\",\"name\":\"Visit Saccisica\",\"image\":{\"@type\":\"ImageObject\",\"inLanguage\":\"it-IT\",\"@id\":\"https:\/\/customer-88-99-224-156.brandprotection.zone\/saccisicaonline\/#\/schema\/person\/image\/\",\"url\":\"https:\/\/secure.gravatar.com\/avatar\/f1667342589c61ab2a53234e2f235717?s=96&d=mm&r=g\",\"contentUrl\":\"https:\/\/secure.gravatar.com\/avatar\/f1667342589c61ab2a53234e2f235717?s=96&d=mm&r=g\",\"caption\":\"Visit Saccisica\"},\"url\":\"https:\/\/customer-88-99-224-156.brandprotection.zone\/saccisicaonline\/author\/wp_to_admin\/\"}]}<\/script>\n<!-- \/ Yoast SEO plugin. -->","yoast_head_json":{"title":"Polverara - Iscrizioni al micronido comunale anno 2014\/2015 - Saccisica Online","robots":{"index":"index","follow":"follow","max-snippet":"max-snippet:-1","max-image-preview":"max-image-preview:large","max-video-preview":"max-video-preview:-1"},"canonical":"https:\/\/customer-88-99-224-156.brandprotection.zone\/saccisicaonline\/2014\/08\/19\/polverara-iscrizioni-al-micronido-comunale-anno-20142015\/","og_locale":"it_IT","og_type":"article","og_title":"Polverara - Iscrizioni al micronido comunale anno 2014\/2015 - Saccisica Online","og_description":"Si avvisa che le iscrizioni al micronido comunale comunale \u201cIl Castello dei pulcini\u201d di via Don Bosco per l\u2019anno educativo 2014\/2015 devono essere presentate entro il termine dell\u20191.9.2014. MODALITA\u2019 DI PRESENTAZIONE DELLA DOMANDA Le richieste di iscrizione devono essere presentate all\u2019ufficio protocollo del Comune di Polverara, compilando l\u2019apposito modulo (scaricabile anche dal sito www.comune.polverara.pd.it) entro [&hellip;]","og_url":"https:\/\/customer-88-99-224-156.brandprotection.zone\/saccisicaonline\/2014\/08\/19\/polverara-iscrizioni-al-micronido-comunale-anno-20142015\/","og_site_name":"Saccisica Online","article_published_time":"2014-08-18T22:07:52+00:00","og_image":[{"width":1950,"height":1950,"url":"https:\/\/customer-88-99-224-156.brandprotection.zone\/saccisicaonline\/wp-content\/uploads\/sites\/2\/2014\/08\/micronido-asilo-polverara.jpg","type":"image\/jpeg"}],"author":"Visit Saccisica","twitter_card":"summary_large_image","twitter_misc":{"Scritto da":"Visit Saccisica","Tempo di lettura stimato":"3 minuti"},"schema":{"@context":"https:\/\/schema.org","@graph":[{"@type":"WebPage","@id":"https:\/\/customer-88-99-224-156.brandprotection.zone\/saccisicaonline\/2014\/08\/19\/polverara-iscrizioni-al-micronido-comunale-anno-20142015\/","url":"https:\/\/customer-88-99-224-156.brandprotection.zone\/saccisicaonline\/2014\/08\/19\/polverara-iscrizioni-al-micronido-comunale-anno-20142015\/","name":"Polverara - Iscrizioni al micronido comunale anno 2014\/2015 - Saccisica Online","isPartOf":{"@id":"https:\/\/customer-88-99-224-156.brandprotection.zone\/saccisicaonline\/#website"},"primaryImageOfPage":{"@id":"https:\/\/customer-88-99-224-156.brandprotection.zone\/saccisicaonline\/2014\/08\/19\/polverara-iscrizioni-al-micronido-comunale-anno-20142015\/#primaryimage"},"image":{"@id":"https:\/\/customer-88-99-224-156.brandprotection.zone\/saccisicaonline\/2014\/08\/19\/polverara-iscrizioni-al-micronido-comunale-anno-20142015\/#primaryimage"},"thumbnailUrl":"https:\/\/customer-88-99-224-156.brandprotection.zone\/saccisicaonline\/wp-content\/uploads\/sites\/2\/2014\/08\/micronido-asilo-polverara.jpg","datePublished":"2014-08-18T22:07:52+00:00","author":{"@id":"https:\/\/customer-88-99-224-156.brandprotection.zone\/saccisicaonline\/#\/schema\/person\/77b4e1d74e92ae921e26b45e61a09706"},"breadcrumb":{"@id":"https:\/\/customer-88-99-224-156.brandprotection.zone\/saccisicaonline\/2014\/08\/19\/polverara-iscrizioni-al-micronido-comunale-anno-20142015\/#breadcrumb"},"inLanguage":"it-IT","potentialAction":[{"@type":"ReadAction","target":["https:\/\/customer-88-99-224-156.brandprotection.zone\/saccisicaonline\/2014\/08\/19\/polverara-iscrizioni-al-micronido-comunale-anno-20142015\/"]}]},{"@type":"ImageObject","inLanguage":"it-IT","@id":"https:\/\/customer-88-99-224-156.brandprotection.zone\/saccisicaonline\/2014\/08\/19\/polverara-iscrizioni-al-micronido-comunale-anno-20142015\/#primaryimage","url":"https:\/\/customer-88-99-224-156.brandprotection.zone\/saccisicaonline\/wp-content\/uploads\/sites\/2\/2014\/08\/micronido-asilo-polverara.jpg","contentUrl":"https:\/\/customer-88-99-224-156.brandprotection.zone\/saccisicaonline\/wp-content\/uploads\/sites\/2\/2014\/08\/micronido-asilo-polverara.jpg","width":1950,"height":1950},{"@type":"BreadcrumbList","@id":"https:\/\/customer-88-99-224-156.brandprotection.zone\/saccisicaonline\/2014\/08\/19\/polverara-iscrizioni-al-micronido-comunale-anno-20142015\/#breadcrumb","itemListElement":[{"@type":"ListItem","position":1,"name":"Home","item":"https:\/\/customer-88-99-224-156.brandprotection.zone\/saccisicaonline\/"},{"@type":"ListItem","position":2,"name":"Polverara &#8211; Iscrizioni al micronido comunale anno 2014\/2015"}]},{"@type":"WebSite","@id":"https:\/\/customer-88-99-224-156.brandprotection.zone\/saccisicaonline\/#website","url":"https:\/\/customer-88-99-224-156.brandprotection.zone\/saccisicaonline\/","name":"Saccisica Online","description":"Il Portale della Saccisica, per la Saccisica","potentialAction":[{"@type":"SearchAction","target":{"@type":"EntryPoint","urlTemplate":"https:\/\/customer-88-99-224-156.brandprotection.zone\/saccisicaonline\/?s={search_term_string}"},"query-input":{"@type":"PropertyValueSpecification","valueRequired":true,"valueName":"search_term_string"}}],"inLanguage":"it-IT"},{"@type":"Person","@id":"https:\/\/customer-88-99-224-156.brandprotection.zone\/saccisicaonline\/#\/schema\/person\/77b4e1d74e92ae921e26b45e61a09706","name":"Visit Saccisica","image":{"@type":"ImageObject","inLanguage":"it-IT","@id":"https:\/\/customer-88-99-224-156.brandprotection.zone\/saccisicaonline\/#\/schema\/person\/image\/","url":"https:\/\/secure.gravatar.com\/avatar\/f1667342589c61ab2a53234e2f235717?s=96&d=mm&r=g","contentUrl":"https:\/\/secure.gravatar.com\/avatar\/f1667342589c61ab2a53234e2f235717?s=96&d=mm&r=g","caption":"Visit Saccisica"},"url":"https:\/\/customer-88-99-224-156.brandprotection.zone\/saccisicaonline\/author\/wp_to_admin\/"}]}},"_links":{"self":[{"href":"https:\/\/customer-88-99-224-156.brandprotection.zone\/saccisicaonline\/wp-json\/wp\/v2\/posts\/4996","targetHints":{"allow":["GET"]}}],"collection":[{"href":"https:\/\/customer-88-99-224-156.brandprotection.zone\/saccisicaonline\/wp-json\/wp\/v2\/posts"}],"about":[{"href":"https:\/\/customer-88-99-224-156.brandprotection.zone\/saccisicaonline\/wp-json\/wp\/v2\/types\/post"}],"author":[{"embeddable":true,"href":"https:\/\/customer-88-99-224-156.brandprotection.zone\/saccisicaonline\/wp-json\/wp\/v2\/users\/1"}],"replies":[{"embeddable":true,"href":"https:\/\/customer-88-99-224-156.brandprotection.zone\/saccisicaonline\/wp-json\/wp\/v2\/comments?post=4996"}],"version-history":[{"count":0,"href":"https:\/\/customer-88-99-224-156.brandprotection.zone\/saccisicaonline\/wp-json\/wp\/v2\/posts\/4996\/revisions"}],"wp:featuredmedia":[{"embeddable":true,"href":"https:\/\/customer-88-99-224-156.brandprotection.zone\/saccisicaonline\/wp-json\/wp\/v2\/media\/4997"}],"wp:attachment":[{"href":"https:\/\/customer-88-99-224-156.brandprotection.zone\/saccisicaonline\/wp-json\/wp\/v2\/media?parent=4996"}],"wp:term":[{"taxonomy":"category","embeddable":true,"href":"https:\/\/customer-88-99-224-156.brandprotection.zone\/saccisicaonline\/wp-json\/wp\/v2\/categories?post=4996"},{"taxonomy":"post_tag","embeddable":true,"href":"https:\/\/customer-88-99-224-156.brandprotection.zone\/saccisicaonline\/wp-json\/wp\/v2\/tags?post=4996"}],"curies":[{"name":"wp","href":"https:\/\/api.w.org\/{rel}","templated":true}]}}